{"id":392,"date":"2025-04-15T09:50:55","date_gmt":"2025-04-15T09:50:55","guid":{"rendered":"https:\/\/aqdr-ry.org\/?p=392"},"modified":"2025-04-15T09:51:57","modified_gmt":"2025-04-15T09:51:57","slug":"la-cibc-na-pas-fait-quun-simple-changement-de-rue","status":"publish","type":"post","link":"https:\/\/aqdr-ry.org\/index.php\/2025\/04\/15\/la-cibc-na-pas-fait-quun-simple-changement-de-rue\/","title":{"rendered":"La CIBC n\u2019a pas fait qu\u2019un simple changement de rue"},"content":{"rendered":"\n<p><em>L\u2019Association qu\u00e9b\u00e9coise de d\u00e9fense des droits des personnes retrait\u00e9es et pr\u00e9retrait\u00e9es (AQDR) Richelieu-Yamaska tient \u00e0 r\u00e9pondre au pr\u00e9sident de la Chambre de commerce de la grande r\u00e9gion de Saint-Hyacinthe, Vincent Lainesse, concernant le dossier du d\u00e9m\u00e9nagement de la succursale bancaire de la CIBC du centre-ville de Saint-Hyacinthe vers un site pr\u00e8s de l\u2019autoroute 20. Dans l\u2019article intitul\u00e9 \u00ab Les chambres de commerce veulent se faire voir et entendre sur tous les fronts \u00bb, paru le 8 f\u00e9vrier, M. Lainesse a expliqu\u00e9 la d\u00e9cision de la Chambre de commerce de ne pas se positionner dans ce dossier.<\/em><\/p>\n\n\n\n<p>Selon M. Lainesse, la Banque CIBC n\u2019a fait qu\u2019un simple changement de rue. Pourtant, l\u2019AQDR Richelieu-Yamaska, avec l\u2019appui de plusieurs organismes cosignataires, de m\u00eame que celui du d\u00e9put\u00e9 f\u00e9d\u00e9ral, Simon-Pierre Savard-Tremblay, a d\u00e9montr\u00e9 l\u2019impact ind\u00e9niable de cette fermeture sur la client\u00e8le des 50 ans et plus du centre-ville. Depuis mai 2023, nous alertons les d\u00e9cideurs et la direction de la CIBC sur le droit pour tous les citoyens d\u2019avoir acc\u00e8s \u00e0 des services financiers complets de proximit\u00e9.<\/p>\n\n\n\n<p>Nous avons constat\u00e9 le manque de sensibilit\u00e9 et de respect pour nos demandes de transitions graduelles. Aucune mesure d\u2019impact n\u2019a \u00e9t\u00e9 pr\u00e9vue. Nous d\u00e9non\u00e7ons la d\u00e9responsabilisation comme m\u00e9thode de gestion des grandes institutions financi\u00e8res. Les a\u00een\u00e9s ont besoin d\u2019alli\u00e9s dans la communaut\u00e9 d\u2019affaires. Leur argent vaut la m\u00eame chose que celui des autres citoyens.<\/p>\n\n\n\n<p>Vous aurez remarqu\u00e9 que la fermeture de la CIBC force un d\u00e9placement des habitudes de consommation acquises depuis plus de 50 ans au centre-ville. Vous avez probablement sous-\u00e9valu\u00e9, M. Lainesse, les effets pernicieux de ce simple changement de rue. L\u2019attrait de consommer au nord de la ville devient encore plus naturel. Est-ce que les commer\u00e7ants ont les moyens de se priver d\u2019eux comme client\u00e8le? Assur\u00e9ment que plusieurs de vos membres ressentent des soubresauts sur l\u2019\u00e9cosyst\u00e8me \u00e9conomique du centre-ville.<\/p>\n\n\n\n<p>L\u2019AQDR Richelieu-Yamaska veut attirer votre attention sur le fait que, d\u2019ici 2031, les personnes de 50 ans et plus repr\u00e9senteront environ 25 % de la population de la MRC des Maskoutains.<\/p>\n\n\n\n<p>Nous avons \u00e9t\u00e9 tr\u00e8s surpris que vous justifiiez l\u2019immobilisme de la Chambre de commerce par un simple changement de rue. De nombreux projets domiciliaires s\u2019implantent pr\u00e9sentement au centre-ville et nous aurions esp\u00e9r\u00e9 que votre vision du d\u00e9veloppement inclut les 50 ans et plus. Vous comptez parmi nos partenaires essentiels pour le maintien d\u2019un tissu social fort.<\/p>\n\n\n\n<p>L\u2019AQDR Richelieu-Yamaska vous invite \u00e0 vous informer au sujet des droits des personnes de 50 ans et plus. Elles ont b\u00e2ti notre soci\u00e9t\u00e9 et leurs demandes sont r\u00e9alistes et l\u00e9gitimes.<\/p>\n\n\n\n<p>En esp\u00e9rant ouvrir le dialogue avec vous et vos membres.<\/p>\n\n\n\n<p><em><strong>Rosetta Bruno, pr\u00e9sidente<\/strong><\/em><br><em><strong>Lucie Gravel, vice-pr\u00e9sidente<\/strong><\/em><br><em><strong>Robert Viens, administrateur<\/strong><\/em><br><em><strong>AQDR Richelieu-Yamaska<\/strong><\/em><\/p>\n\n\n\n<p>lien : <a href=\"https:\/\/lecourrier.qc.ca\/la-cibc-na-pas-fait-quun-simple-changement-de-rue\/\">https:\/\/lecourrier.qc.ca\/la-cibc-na-pas-fait-quun-simple-changement-de-rue\/<\/a><\/p>\n","protected":false},"excerpt":{"rendered":"<p>L\u2019Association qu\u00e9b\u00e9coise de d\u00e9fense des droits des personnes retrait\u00e9es et pr\u00e9retrait\u00e9es (AQDR) Richelieu-Yamaska tient \u00e0 r\u00e9pondre au pr\u00e9sident de la Chambre de commerce de la grande<span class=\"excerpt-hellip\"> [\u2026]<\/span><\/p>\n","protected":false},"author":1,"featured_media":0,"comment_status":"open","ping_status":"closed","sticky":false,"template":"","format":"standard","meta":{"footnotes":""},"categories":[5],"tags":[],"class_list":["post-392","post","type-post","status-publish","format-standard","hentry","category-aqdr-dans-les-medias-locaux"],"_links":{"self":[{"href":"https:\/\/aqdr-ry.org\/index.php\/wp-json\/wp\/v2\/posts\/392","targetHints":{"allow":["GET"]}}],"collection":[{"href":"https:\/\/aqdr-ry.org\/index.php\/wp-json\/wp\/v2\/posts"}],"about":[{"href":"https:\/\/aqdr-ry.org\/index.php\/wp-json\/wp\/v2\/types\/post"}],"author":[{"embeddable":true,"href":"https:\/\/aqdr-ry.org\/index.php\/wp-json\/wp\/v2\/users\/1"}],"replies":[{"embeddable":true,"href":"https:\/\/aqdr-ry.org\/index.php\/wp-json\/wp\/v2\/comments?post=392"}],"version-history":[{"count":1,"href":"https:\/\/aqdr-ry.org\/index.php\/wp-json\/wp\/v2\/posts\/392\/revisions"}],"predecessor-version":[{"id":393,"href":"https:\/\/aqdr-ry.org\/index.php\/wp-json\/wp\/v2\/posts\/392\/revisions\/393"}],"wp:attachment":[{"href":"https:\/\/aqdr-ry.org\/index.php\/wp-json\/wp\/v2\/media?parent=392"}],"wp:term":[{"taxonomy":"category","embeddable":true,"href":"https:\/\/aqdr-ry.org\/index.php\/wp-json\/wp\/v2\/categories?post=392"},{"taxonomy":"post_tag","embeddable":true,"href":"https:\/\/aqdr-ry.org\/index.php\/wp-json\/wp\/v2\/tags?post=392"}],"curies":[{"name":"wp","href":"https:\/\/api.w.org\/{rel}","templated":true}]}}