{"id":394,"date":"2025-04-15T09:53:34","date_gmt":"2025-04-15T09:53:34","guid":{"rendered":"https:\/\/aqdr-ry.org\/?p=394"},"modified":"2025-04-15T10:13:15","modified_gmt":"2025-04-15T10:13:15","slug":"la-crise-du-logement-des-avenues-possibles","status":"publish","type":"post","link":"https:\/\/aqdr-ry.org\/index.php\/2025\/04\/15\/la-crise-du-logement-des-avenues-possibles\/","title":{"rendered":"La crise du logement: des avenues possibles"},"content":{"rendered":"\n<figure class=\"wp-block-image is-style-default\"><img decoding=\"async\" src=\"https:\/\/lescoopsdelinformation-la-voix-de-lest-prod.web.arc-cdn.net\/resizer\/v2\/7VO6H2O435H6VNOPORPGVLQLDA.jpg?smart=true&amp;auth=cfdc8db9263fc114333b36dcd8de3fabceca4ded415c01ad4e5274296af58d3f&amp;width=800&amp;height=533\" alt=\"La crise du logement continue de frapper au Qu\u00e9bec.\"\/><figcaption class=\"wp-element-caption\">La crise du logement continue de frapper au Qu\u00e9bec.&nbsp;(St\u00e9phane Champagne\/La Voix de l&rsquo;Est)<\/figcaption><\/figure>\n\n\n\n<h2 class=\"wp-block-heading\">LA VOIX DES LECTEURS \/ Le 6 f\u00e9vrier 2025, l\u2019AQDR Richelieu-Yamaska et l\u2019AQDR Granby ont tenu une journ\u00e9e de r\u00e9flexion sur la crise du logement. Cette rencontre a permis \u00e0 plusieurs sections de l\u2019Association qu\u00e9b\u00e9coise de d\u00e9fense des droits des retrait\u00e9s et pr\u00e9retrait\u00e9s d\u2019\u00e9changer sur des enjeux majeurs tels que le registre des loyers, le gel des loyers et la d\u00e9marchandisation de l\u2019immobilier.<\/h2>\n\n\n\n<p>lien : <a href=\"https:\/\/www.lavoixdelest.ca\/opinions\/parole-aux-lecteurs\/2025\/02\/28\/la-crise-du-logement-des-avenues-possibles-SCD6HXZHB5HQZANHF4DZDWEBYQ\/\">https:\/\/www.lavoixdelest.ca\/opinions\/parole-aux-lecteurs\/2025\/02\/28\/la-crise-du-logement-des-avenues-possibles-SCD6HXZHB5HQZANHF4DZDWEBYQ\/<\/a><\/p>\n","protected":false},"excerpt":{"rendered":"<p>LA VOIX DES LECTEURS \/ Le 6 f\u00e9vrier 2025, l\u2019AQDR Richelieu-Yamaska et l\u2019AQDR Granby ont tenu une journ\u00e9e de r\u00e9flexion sur la crise du logement. Cette<span class=\"excerpt-hellip\"> [\u2026]<\/span><\/p>\n","protected":false},"author":1,"featured_media":401,"comment_status":"open","ping_status":"closed","sticky":false,"template":"","format":"standard","meta":{"footnotes":""},"categories":[5],"tags":[],"class_list":["post-394","post","type-post","status-publish","format-standard","has-post-thumbnail","hentry","category-aqdr-dans-les-medias-locaux"],"_links":{"self":[{"href":"https:\/\/aqdr-ry.org\/index.php\/wp-json\/wp\/v2\/posts\/394","targetHints":{"allow":["GET"]}}],"collection":[{"href":"https:\/\/aqdr-ry.org\/index.php\/wp-json\/wp\/v2\/posts"}],"about":[{"href":"https:\/\/aqdr-ry.org\/index.php\/wp-json\/wp\/v2\/types\/post"}],"author":[{"embeddable":true,"href":"https:\/\/aqdr-ry.org\/index.php\/wp-json\/wp\/v2\/users\/1"}],"replies":[{"embeddable":true,"href":"https:\/\/aqdr-ry.org\/index.php\/wp-json\/wp\/v2\/comments?post=394"}],"version-history":[{"count":2,"href":"https:\/\/aqdr-ry.org\/index.php\/wp-json\/wp\/v2\/posts\/394\/revisions"}],"predecessor-version":[{"id":402,"href":"https:\/\/aqdr-ry.org\/index.php\/wp-json\/wp\/v2\/posts\/394\/revisions\/402"}],"wp:featuredmedia":[{"embeddable":true,"href":"https:\/\/aqdr-ry.org\/index.php\/wp-json\/wp\/v2\/media\/401"}],"wp:attachment":[{"href":"https:\/\/aqdr-ry.org\/index.php\/wp-json\/wp\/v2\/media?parent=394"}],"wp:term":[{"taxonomy":"category","embeddable":true,"href":"https:\/\/aqdr-ry.org\/index.php\/wp-json\/wp\/v2\/categories?post=394"},{"taxonomy":"post_tag","embeddable":true,"href":"https:\/\/aqdr-ry.org\/index.php\/wp-json\/wp\/v2\/tags?post=394"}],"curies":[{"name":"wp","href":"https:\/\/api.w.org\/{rel}","templated":true}]}}